{"id":13432,"date":"2026-04-28T11:07:05","date_gmt":"2026-04-28T14:07:05","guid":{"rendered":"https:\/\/drika.com.br\/blog\/?p=13432"},"modified":"2026-04-28T11:07:08","modified_gmt":"2026-04-28T14:07:08","slug":"brinde-dia-do-trabalho-estrategia-marca","status":"publish","type":"post","link":"https:\/\/drika.com.br\/blog\/brinde-dia-do-trabalho-estrategia-marca\/","title":{"rendered":"Brindes para o Dia do Trabalho"},"content":{"rendered":"\n<h3 class=\"wp-block-heading\">Como transformar reconhecimento em estrat\u00e9gia de marca<\/h3>\n\n\n\n<p>O Dia do Trabalho n\u00e3o precisa ser tratado como mais uma data no calend\u00e1rio corporativo. Quando bem trabalhado, ele se torna um ponto de contato poderoso entre empresa e colaborador.<\/p>\n\n\n\n<p>\u00c9 nesse contexto que os brindes para o Dia do Trabalho deixam de ser apenas simb\u00f3licos e passam a atuar como ferramenta de cultura, engajamento e posicionamento.<\/p>\n\n\n\n<h3 class=\"wp-block-heading\">Por que a data deve ser comemorada dentro das empresas?<\/h3>\n\n\n\n<p>O Dia do Trabalho carrega um significado que vai al\u00e9m da homenagem. Ele representa reconhecimento coletivo, valoriza\u00e7\u00e3o do esfor\u00e7o di\u00e1rio e refor\u00e7o do papel de cada pessoa dentro da organiza\u00e7\u00e3o.<\/p>\n\n\n\n<p>Ignorar a data pode parecer neutralidade, mas muitas vezes \u00e9 interpretado como aus\u00eancia de reconhecimento.<\/p>\n\n\n\n<p>Por outro lado, a\u00e7\u00f5es bem pensadas, como a entrega de brindes corporativos para o Dia do Trabalhador, mostram que a empresa enxerga, valoriza e investe em quem constr\u00f3i o neg\u00f3cio todos os dias.<\/p>\n\n\n\n<h3 class=\"wp-block-heading\">Brindes para o Dia do Trabalho que fogem do \u00f3bvio<\/h3>\n\n\n\n<p>Aqui, o ponto n\u00e3o \u00e9 distribuir algo, mas criar uma experi\u00eancia com significado. Algumas ideias mais estrat\u00e9gicas:<\/p>\n\n\n\n<h4 class=\"wp-block-heading\">Brinde que vira experi\u00eancia<\/h4>\n\n\n\n<p>Em vez de entregar um item isolado, o brinde pode ser o gatilho para um momento.<\/p>\n\n\n\n<p>Exemplo: um kit caf\u00e9 entregue junto com um convite para uma pausa coletiva durante o expediente.<\/p>\n\n\n\n<p>Ou um snack personalizado acompanhado de um momento de integra\u00e7\u00e3o entre \u00e1reas.<\/p>\n\n\n\n<p>O valor est\u00e1 na viv\u00eancia, n\u00e3o s\u00f3 no produto.<\/p>\n\n\n\n<h4 class=\"wp-block-heading\">Brinde com narrativa<\/h4>\n\n\n\n<p>Um dos erros mais comuns \u00e9 entregar algo sem contexto.<\/p>\n\n\n\n<p>Um brinde personalizado para o Dia do Trabalho pode carregar uma mensagem que conecte o colaborador ao prop\u00f3sito da empresa.<\/p>\n\n\n\n<p>Exemplo: itens que tragam frases internas, campanhas institucionais ou at\u00e9 hist\u00f3rias reais da equipe.<\/p>\n\n\n\n<p>Isso transforma o objeto em algo memor\u00e1vel.<\/p>\n\n\n\n<h4 class=\"wp-block-heading\">Brinde que reconhece individualmente<\/h4>\n\n\n\n<p>Nem todo reconhecimento precisa ser coletivo.<\/p>\n\n\n\n<p>Empresas podem usar a data para entregar brindes com algum n\u00edvel de personaliza\u00e7\u00e3o, como nome, \u00e1rea ou at\u00e9 conquistas recentes.<\/p>\n\n\n\n<p>Esse tipo de a\u00e7\u00e3o refor\u00e7a pertencimento de forma muito mais profunda.<\/p>\n\n\n\n<h4 class=\"wp-block-heading\">Brinde funcional com posicionamento<\/h4>\n\n\n\n<p>Sim, brindes \u00fateis continuam funcionando, mas o diferencial est\u00e1 na curadoria.<\/p>\n\n\n\n<p>N\u00e3o \u00e9 sobre dar uma ecobag, \u00e9 sobre dar uma ecobag alinhada com uma pauta ESG real da empresa.<\/p>\n\n\n\n<p>N\u00e3o \u00e9 sobre um copo t\u00e9rmico, \u00e9 sobre um item que acompanha a rotina e refor\u00e7a h\u00e1bitos que a marca incentiva.<\/p>\n\n\n\n<h3 class=\"wp-block-heading\">Como entregar brindes no Dia do Trabalho de forma estrat\u00e9gica<\/h3>\n\n\n\n<p>A forma de entrega \u00e9 o que transforma um brinde comum em uma a\u00e7\u00e3o de impacto.<\/p>\n\n\n\n<h4 class=\"wp-block-heading\">Ativa\u00e7\u00f5es internas<\/h4>\n\n\n\n<p>Criar um momento espec\u00edfico para a entrega, como um caf\u00e9, uma din\u00e2mica ou uma pequena celebra\u00e7\u00e3o, aumenta o valor percebido.<\/p>\n\n\n\n<h4 class=\"wp-block-heading\">Comunica\u00e7\u00e3o bem constru\u00edda<\/h4>\n\n\n\n<p>Um erro frequente \u00e9 investir no brinde e esquecer da mensagem.<\/p>\n\n\n\n<p>O ideal \u00e9 que a entrega venha acompanhada de uma comunica\u00e7\u00e3o clara, seja por e-mail, intranet ou lideran\u00e7a direta.<\/p>\n\n\n\n<h4 class=\"wp-block-heading\">Integra\u00e7\u00e3o com campanhas internas<\/h4>\n\n\n\n<p>Os brindes para colaboradores no Dia do Trabalho podem fazer parte de campanhas maiores de cultura, reconhecimento ou endomarketing.<\/p>\n\n\n\n<p>Isso evita que a a\u00e7\u00e3o fique isolada e sem continuidade.<\/p>\n\n\n\n<h4 class=\"wp-block-heading\">Log\u00edstica bem executada<\/h4>\n\n\n\n<p>Principalmente em empresas com equipes h\u00edbridas ou distribu\u00eddas, garantir que todos recebam o brinde com qualidade e no tempo certo faz toda a diferen\u00e7a na percep\u00e7\u00e3o.<\/p>\n\n\n\n<h3 class=\"wp-block-heading\">Mais do que um brinde, um posicionamento<\/h3>\n\n\n\n<p>O Dia do Trabalho \u00e9 uma oportunidade concreta de refor\u00e7ar cultura e valores.<\/p>\n\n\n\n<p>Os brindes corporativos para o Dia do Trabalho funcionam como um ponto de contato f\u00edsico em um ambiente cada vez mais digital. Eles materializam aquilo que muitas empresas comunicam, mas nem sempre conseguem demonstrar.<\/p>\n\n\n\n<p>Quando bem planejados, deixam de ser apenas um gesto e passam a ser parte da estrat\u00e9gia.<\/p>\n\n\n\n<p>Porque no fim, n\u00e3o \u00e9 sobre o que \u00e9 entregue.<\/p>\n\n\n\n<p>\u00c9 sobre o que isso representa para quem recebe.<\/p>\n","protected":false},"excerpt":{"rendered":"<p>Como transformar reconhecimento em estrat\u00e9gia de marca O Dia do Trabalho n\u00e3o precisa ser tratado como mais uma data no calend\u00e1rio corporativo. Quando bem trabalhado, ele se torna um ponto de contato poderoso entre empresa e colaborador. \u00c9 nesse contexto que os brindes para o Dia do Trabalho deixam de ser apenas simb\u00f3licos e passam [&hellip;]<\/p>\n","protected":false},"author":7,"featured_media":13434,"comment_status":"open","ping_status":"open","sticky":false,"template":"","format":"standard","meta":{"_jetpack_memberships_contains_paid_content":false,"footnotes":""},"categories":[7,10,5,6],"tags":[11,14,39,26,21],"class_list":["post-13432","post","type-post","status-publish","format-standard","has-post-thumbnail","hentry","category-brindes_promocionais","category-datas-comemorativas","category-marketing","category-marketing_promocional","tag-brindes","tag-brindes-promocionais","tag-data-comemorativa","tag-marketing","tag-personalizados"],"yoast_head":"<!-- This site is optimized with the Yoast SEO plugin v26.5 - https:\/\/yoast.com\/wordpress\/plugins\/seo\/ -->\n<title>Brindes para o Dia do Trabalho - Drika Blog<\/title>\n<meta name=\"robots\" content=\"index, follow, max-snippet:-1, max-image-preview:large, max-video-preview:-1\" \/>\n<link rel=\"canonical\" href=\"https:\/\/drika.com.br\/blog\/brinde-dia-do-trabalho-estrategia-marca\/\" \/>\n<meta property=\"og:locale\" content=\"pt_PT\" \/>\n<meta property=\"og:type\" content=\"article\" \/>\n<meta property=\"og:title\" content=\"Brindes para o Dia do Trabalho - Drika Blog\" \/>\n<meta property=\"og:description\" content=\"Como transformar reconhecimento em estrat\u00e9gia de marca O Dia do Trabalho n\u00e3o precisa ser tratado como mais uma data no calend\u00e1rio corporativo. Quando bem trabalhado, ele se torna um ponto de contato poderoso entre empresa e colaborador. \u00c9 nesse contexto que os brindes para o Dia do Trabalho deixam de ser apenas simb\u00f3licos e passam [&hellip;]\" \/>\n<meta property=\"og:url\" content=\"https:\/\/drika.com.br\/blog\/brinde-dia-do-trabalho-estrategia-marca\/\" \/>\n<meta property=\"og:site_name\" content=\"Drika Blog\" \/>\n<meta property=\"article:published_time\" content=\"2026-04-28T14:07:05+00:00\" \/>\n<meta property=\"article:modified_time\" content=\"2026-04-28T14:07:08+00:00\" \/>\n<meta property=\"og:image\" content=\"https:\/\/drika.com.br\/blog\/wp-content\/uploads\/2026\/04\/Dia-do-Trabalho-BLOG-scaled.jpg\" \/>\n\t<meta property=\"og:image:width\" content=\"2560\" \/>\n\t<meta property=\"og:image:height\" content=\"640\" \/>\n\t<meta property=\"og:image:type\" content=\"image\/jpeg\" \/>\n<meta name=\"author\" content=\"Camilla\" \/>\n<meta name=\"twitter:card\" content=\"summary_large_image\" \/>\n<meta name=\"twitter:label1\" content=\"Escrito por\" \/>\n\t<meta name=\"twitter:data1\" content=\"Camilla\" \/>\n\t<meta name=\"twitter:label2\" content=\"Tempo estimado de leitura\" \/>\n\t<meta name=\"twitter:data2\" content=\"3 minutos\" \/>\n<script type=\"application\/ld+json\" class=\"yoast-schema-graph\">{\"@context\":\"https:\/\/schema.org\",\"@graph\":[{\"@type\":\"Article\",\"@id\":\"https:\/\/drika.com.br\/blog\/brinde-dia-do-trabalho-estrategia-marca\/#article\",\"isPartOf\":{\"@id\":\"https:\/\/drika.com.br\/blog\/brinde-dia-do-trabalho-estrategia-marca\/\"},\"author\":{\"name\":\"Camilla\",\"@id\":\"https:\/\/drika.com.br\/blog\/#\/schema\/person\/f188a82fe5e39cc941583c7f35d4e1b1\"},\"headline\":\"Brindes para o Dia do Trabalho\",\"datePublished\":\"2026-04-28T14:07:05+00:00\",\"dateModified\":\"2026-04-28T14:07:08+00:00\",\"mainEntityOfPage\":{\"@id\":\"https:\/\/drika.com.br\/blog\/brinde-dia-do-trabalho-estrategia-marca\/\"},\"wordCount\":663,\"commentCount\":0,\"publisher\":{\"@id\":\"https:\/\/drika.com.br\/blog\/#organization\"},\"image\":{\"@id\":\"https:\/\/drika.com.br\/blog\/brinde-dia-do-trabalho-estrategia-marca\/#primaryimage\"},\"thumbnailUrl\":\"https:\/\/i0.wp.com\/drika.com.br\/blog\/wp-content\/uploads\/2026\/04\/Dia-do-Trabalho-BLOG-scaled.jpg?fit=2560%2C640&ssl=1\",\"keywords\":[\"brindes\",\"brindes promocionais\",\"data comemorativa\",\"marketing\",\"personalizados\"],\"articleSection\":[\"Brindes Promocionais\",\"Datas Comemorativas\",\"Marketing\",\"Marketing Promocional\"],\"inLanguage\":\"pt-PT\",\"potentialAction\":[{\"@type\":\"CommentAction\",\"name\":\"Comment\",\"target\":[\"https:\/\/drika.com.br\/blog\/brinde-dia-do-trabalho-estrategia-marca\/#respond\"]}]},{\"@type\":\"WebPage\",\"@id\":\"https:\/\/drika.com.br\/blog\/brinde-dia-do-trabalho-estrategia-marca\/\",\"url\":\"https:\/\/drika.com.br\/blog\/brinde-dia-do-trabalho-estrategia-marca\/\",\"name\":\"Brindes para o Dia do Trabalho - Drika Blog\",\"isPartOf\":{\"@id\":\"https:\/\/drika.com.br\/blog\/#website\"},\"primaryImageOfPage\":{\"@id\":\"https:\/\/drika.com.br\/blog\/brinde-dia-do-trabalho-estrategia-marca\/#primaryimage\"},\"image\":{\"@id\":\"https:\/\/drika.com.br\/blog\/brinde-dia-do-trabalho-estrategia-marca\/#primaryimage\"},\"thumbnailUrl\":\"https:\/\/i0.wp.com\/drika.com.br\/blog\/wp-content\/uploads\/2026\/04\/Dia-do-Trabalho-BLOG-scaled.jpg?fit=2560%2C640&ssl=1\",\"datePublished\":\"2026-04-28T14:07:05+00:00\",\"dateModified\":\"2026-04-28T14:07:08+00:00\",\"breadcrumb\":{\"@id\":\"https:\/\/drika.com.br\/blog\/brinde-dia-do-trabalho-estrategia-marca\/#breadcrumb\"},\"inLanguage\":\"pt-PT\",\"potentialAction\":[{\"@type\":\"ReadAction\",\"target\":[\"https:\/\/drika.com.br\/blog\/brinde-dia-do-trabalho-estrategia-marca\/\"]}]},{\"@type\":\"ImageObject\",\"inLanguage\":\"pt-PT\",\"@id\":\"https:\/\/drika.com.br\/blog\/brinde-dia-do-trabalho-estrategia-marca\/#primaryimage\",\"url\":\"https:\/\/i0.wp.com\/drika.com.br\/blog\/wp-content\/uploads\/2026\/04\/Dia-do-Trabalho-BLOG-scaled.jpg?fit=2560%2C640&ssl=1\",\"contentUrl\":\"https:\/\/i0.wp.com\/drika.com.br\/blog\/wp-content\/uploads\/2026\/04\/Dia-do-Trabalho-BLOG-scaled.jpg?fit=2560%2C640&ssl=1\",\"width\":2560,\"height\":640},{\"@type\":\"BreadcrumbList\",\"@id\":\"https:\/\/drika.com.br\/blog\/brinde-dia-do-trabalho-estrategia-marca\/#breadcrumb\",\"itemListElement\":[{\"@type\":\"ListItem\",\"position\":1,\"name\":\"In\u00edcio\",\"item\":\"https:\/\/drika.com.br\/blog\/\"},{\"@type\":\"ListItem\",\"position\":2,\"name\":\"Brindes para o Dia do Trabalho\"}]},{\"@type\":\"WebSite\",\"@id\":\"https:\/\/drika.com.br\/blog\/#website\",\"url\":\"https:\/\/drika.com.br\/blog\/\",\"name\":\"Drika Blog\",\"description\":\"Tudo que voc\u00ea precisa saber sobre Brindes Personalizados\",\"publisher\":{\"@id\":\"https:\/\/drika.com.br\/blog\/#organization\"},\"potentialAction\":[{\"@type\":\"SearchAction\",\"target\":{\"@type\":\"EntryPoint\",\"urlTemplate\":\"https:\/\/drika.com.br\/blog\/?s={search_term_string}\"},\"query-input\":{\"@type\":\"PropertyValueSpecification\",\"valueRequired\":true,\"valueName\":\"search_term_string\"}}],\"inLanguage\":\"pt-PT\"},{\"@type\":\"Organization\",\"@id\":\"https:\/\/drika.com.br\/blog\/#organization\",\"name\":\"Drika Blog\",\"url\":\"https:\/\/drika.com.br\/blog\/\",\"logo\":{\"@type\":\"ImageObject\",\"inLanguage\":\"pt-PT\",\"@id\":\"https:\/\/drika.com.br\/blog\/#\/schema\/logo\/image\/\",\"url\":\"https:\/\/i0.wp.com\/drika.com.br\/blog\/wp-content\/uploads\/2024\/04\/Drikablog.png?fit=1615%2C421&ssl=1\",\"contentUrl\":\"https:\/\/i0.wp.com\/drika.com.br\/blog\/wp-content\/uploads\/2024\/04\/Drikablog.png?fit=1615%2C421&ssl=1\",\"width\":1615,\"height\":421,\"caption\":\"Drika Blog\"},\"image\":{\"@id\":\"https:\/\/drika.com.br\/blog\/#\/schema\/logo\/image\/\"}},{\"@type\":\"Person\",\"@id\":\"https:\/\/drika.com.br\/blog\/#\/schema\/person\/f188a82fe5e39cc941583c7f35d4e1b1\",\"name\":\"Camilla\",\"image\":{\"@type\":\"ImageObject\",\"inLanguage\":\"pt-PT\",\"@id\":\"https:\/\/drika.com.br\/blog\/#\/schema\/person\/image\/\",\"url\":\"https:\/\/secure.gravatar.com\/avatar\/85a4720ee86baf56539e0ee0a57fbc37b4dadd63c10a5c6e9141b4161d0e7da7?s=96&d=mm&r=g\",\"contentUrl\":\"https:\/\/secure.gravatar.com\/avatar\/85a4720ee86baf56539e0ee0a57fbc37b4dadd63c10a5c6e9141b4161d0e7da7?s=96&d=mm&r=g\",\"caption\":\"Camilla\"},\"url\":\"https:\/\/drika.com.br\/blog\/author\/giulya\/\"}]}<\/script>\n<!-- \/ Yoast SEO plugin. -->","yoast_head_json":{"title":"Brindes para o Dia do Trabalho - Drika Blog","robots":{"index":"index","follow":"follow","max-snippet":"max-snippet:-1","max-image-preview":"max-image-preview:large","max-video-preview":"max-video-preview:-1"},"canonical":"https:\/\/drika.com.br\/blog\/brinde-dia-do-trabalho-estrategia-marca\/","og_locale":"pt_PT","og_type":"article","og_title":"Brindes para o Dia do Trabalho - Drika Blog","og_description":"Como transformar reconhecimento em estrat\u00e9gia de marca O Dia do Trabalho n\u00e3o precisa ser tratado como mais uma data no calend\u00e1rio corporativo. Quando bem trabalhado, ele se torna um ponto de contato poderoso entre empresa e colaborador. \u00c9 nesse contexto que os brindes para o Dia do Trabalho deixam de ser apenas simb\u00f3licos e passam [&hellip;]","og_url":"https:\/\/drika.com.br\/blog\/brinde-dia-do-trabalho-estrategia-marca\/","og_site_name":"Drika Blog","article_published_time":"2026-04-28T14:07:05+00:00","article_modified_time":"2026-04-28T14:07:08+00:00","og_image":[{"width":2560,"height":640,"url":"https:\/\/drika.com.br\/blog\/wp-content\/uploads\/2026\/04\/Dia-do-Trabalho-BLOG-scaled.jpg","type":"image\/jpeg"}],"author":"Camilla","twitter_card":"summary_large_image","twitter_misc":{"Escrito por":"Camilla","Tempo estimado de leitura":"3 minutos"},"schema":{"@context":"https:\/\/schema.org","@graph":[{"@type":"Article","@id":"https:\/\/drika.com.br\/blog\/brinde-dia-do-trabalho-estrategia-marca\/#article","isPartOf":{"@id":"https:\/\/drika.com.br\/blog\/brinde-dia-do-trabalho-estrategia-marca\/"},"author":{"name":"Camilla","@id":"https:\/\/drika.com.br\/blog\/#\/schema\/person\/f188a82fe5e39cc941583c7f35d4e1b1"},"headline":"Brindes para o Dia do Trabalho","datePublished":"2026-04-28T14:07:05+00:00","dateModified":"2026-04-28T14:07:08+00:00","mainEntityOfPage":{"@id":"https:\/\/drika.com.br\/blog\/brinde-dia-do-trabalho-estrategia-marca\/"},"wordCount":663,"commentCount":0,"publisher":{"@id":"https:\/\/drika.com.br\/blog\/#organization"},"image":{"@id":"https:\/\/drika.com.br\/blog\/brinde-dia-do-trabalho-estrategia-marca\/#primaryimage"},"thumbnailUrl":"https:\/\/i0.wp.com\/drika.com.br\/blog\/wp-content\/uploads\/2026\/04\/Dia-do-Trabalho-BLOG-scaled.jpg?fit=2560%2C640&ssl=1","keywords":["brindes","brindes promocionais","data comemorativa","marketing","personalizados"],"articleSection":["Brindes Promocionais","Datas Comemorativas","Marketing","Marketing Promocional"],"inLanguage":"pt-PT","potentialAction":[{"@type":"CommentAction","name":"Comment","target":["https:\/\/drika.com.br\/blog\/brinde-dia-do-trabalho-estrategia-marca\/#respond"]}]},{"@type":"WebPage","@id":"https:\/\/drika.com.br\/blog\/brinde-dia-do-trabalho-estrategia-marca\/","url":"https:\/\/drika.com.br\/blog\/brinde-dia-do-trabalho-estrategia-marca\/","name":"Brindes para o Dia do Trabalho - Drika Blog","isPartOf":{"@id":"https:\/\/drika.com.br\/blog\/#website"},"primaryImageOfPage":{"@id":"https:\/\/drika.com.br\/blog\/brinde-dia-do-trabalho-estrategia-marca\/#primaryimage"},"image":{"@id":"https:\/\/drika.com.br\/blog\/brinde-dia-do-trabalho-estrategia-marca\/#primaryimage"},"thumbnailUrl":"https:\/\/i0.wp.com\/drika.com.br\/blog\/wp-content\/uploads\/2026\/04\/Dia-do-Trabalho-BLOG-scaled.jpg?fit=2560%2C640&ssl=1","datePublished":"2026-04-28T14:07:05+00:00","dateModified":"2026-04-28T14:07:08+00:00","breadcrumb":{"@id":"https:\/\/drika.com.br\/blog\/brinde-dia-do-trabalho-estrategia-marca\/#breadcrumb"},"inLanguage":"pt-PT","potentialAction":[{"@type":"ReadAction","target":["https:\/\/drika.com.br\/blog\/brinde-dia-do-trabalho-estrategia-marca\/"]}]},{"@type":"ImageObject","inLanguage":"pt-PT","@id":"https:\/\/drika.com.br\/blog\/brinde-dia-do-trabalho-estrategia-marca\/#primaryimage","url":"https:\/\/i0.wp.com\/drika.com.br\/blog\/wp-content\/uploads\/2026\/04\/Dia-do-Trabalho-BLOG-scaled.jpg?fit=2560%2C640&ssl=1","contentUrl":"https:\/\/i0.wp.com\/drika.com.br\/blog\/wp-content\/uploads\/2026\/04\/Dia-do-Trabalho-BLOG-scaled.jpg?fit=2560%2C640&ssl=1","width":2560,"height":640},{"@type":"BreadcrumbList","@id":"https:\/\/drika.com.br\/blog\/brinde-dia-do-trabalho-estrategia-marca\/#breadcrumb","itemListElement":[{"@type":"ListItem","position":1,"name":"In\u00edcio","item":"https:\/\/drika.com.br\/blog\/"},{"@type":"ListItem","position":2,"name":"Brindes para o Dia do Trabalho"}]},{"@type":"WebSite","@id":"https:\/\/drika.com.br\/blog\/#website","url":"https:\/\/drika.com.br\/blog\/","name":"Drika Blog","description":"Tudo que voc\u00ea precisa saber sobre Brindes Personalizados","publisher":{"@id":"https:\/\/drika.com.br\/blog\/#organization"},"potentialAction":[{"@type":"SearchAction","target":{"@type":"EntryPoint","urlTemplate":"https:\/\/drika.com.br\/blog\/?s={search_term_string}"},"query-input":{"@type":"PropertyValueSpecification","valueRequired":true,"valueName":"search_term_string"}}],"inLanguage":"pt-PT"},{"@type":"Organization","@id":"https:\/\/drika.com.br\/blog\/#organization","name":"Drika Blog","url":"https:\/\/drika.com.br\/blog\/","logo":{"@type":"ImageObject","inLanguage":"pt-PT","@id":"https:\/\/drika.com.br\/blog\/#\/schema\/logo\/image\/","url":"https:\/\/i0.wp.com\/drika.com.br\/blog\/wp-content\/uploads\/2024\/04\/Drikablog.png?fit=1615%2C421&ssl=1","contentUrl":"https:\/\/i0.wp.com\/drika.com.br\/blog\/wp-content\/uploads\/2024\/04\/Drikablog.png?fit=1615%2C421&ssl=1","width":1615,"height":421,"caption":"Drika Blog"},"image":{"@id":"https:\/\/drika.com.br\/blog\/#\/schema\/logo\/image\/"}},{"@type":"Person","@id":"https:\/\/drika.com.br\/blog\/#\/schema\/person\/f188a82fe5e39cc941583c7f35d4e1b1","name":"Camilla","image":{"@type":"ImageObject","inLanguage":"pt-PT","@id":"https:\/\/drika.com.br\/blog\/#\/schema\/person\/image\/","url":"https:\/\/secure.gravatar.com\/avatar\/85a4720ee86baf56539e0ee0a57fbc37b4dadd63c10a5c6e9141b4161d0e7da7?s=96&d=mm&r=g","contentUrl":"https:\/\/secure.gravatar.com\/avatar\/85a4720ee86baf56539e0ee0a57fbc37b4dadd63c10a5c6e9141b4161d0e7da7?s=96&d=mm&r=g","caption":"Camilla"},"url":"https:\/\/drika.com.br\/blog\/author\/giulya\/"}]}},"jetpack_featured_media_url":"https:\/\/i0.wp.com\/drika.com.br\/blog\/wp-content\/uploads\/2026\/04\/Dia-do-Trabalho-BLOG-scaled.jpg?fit=2560%2C640&ssl=1","jetpack_sharing_enabled":true,"_links":{"self":[{"href":"https:\/\/drika.com.br\/blog\/wp-json\/wp\/v2\/posts\/13432","targetHints":{"allow":["GET"]}}],"collection":[{"href":"https:\/\/drika.com.br\/blog\/wp-json\/wp\/v2\/posts"}],"about":[{"href":"https:\/\/drika.com.br\/blog\/wp-json\/wp\/v2\/types\/post"}],"author":[{"embeddable":true,"href":"https:\/\/drika.com.br\/blog\/wp-json\/wp\/v2\/users\/7"}],"replies":[{"embeddable":true,"href":"https:\/\/drika.com.br\/blog\/wp-json\/wp\/v2\/comments?post=13432"}],"version-history":[{"count":1,"href":"https:\/\/drika.com.br\/blog\/wp-json\/wp\/v2\/posts\/13432\/revisions"}],"predecessor-version":[{"id":13435,"href":"https:\/\/drika.com.br\/blog\/wp-json\/wp\/v2\/posts\/13432\/revisions\/13435"}],"wp:featuredmedia":[{"embeddable":true,"href":"https:\/\/drika.com.br\/blog\/wp-json\/wp\/v2\/media\/13434"}],"wp:attachment":[{"href":"https:\/\/drika.com.br\/blog\/wp-json\/wp\/v2\/media?parent=13432"}],"wp:term":[{"taxonomy":"category","embeddable":true,"href":"https:\/\/drika.com.br\/blog\/wp-json\/wp\/v2\/categories?post=13432"},{"taxonomy":"post_tag","embeddable":true,"href":"https:\/\/drika.com.br\/blog\/wp-json\/wp\/v2\/tags?post=13432"}],"curies":[{"name":"wp","href":"https:\/\/api.w.org\/{rel}","templated":true}]}}